{"id":83229,"date":"2011-09-11T17:35:25","date_gmt":"2011-09-11T17:35:25","guid":{"rendered":"http:\/\/www.feminissima.de\/?p=83229"},"modified":"2011-09-11T17:35:25","modified_gmt":"2011-09-11T17:35:25","slug":"kritik-zu-weekend-mit-joerg-schuettauf","status":"publish","type":"post","link":"https:\/\/feminissima.de\/index.php\/2011\/09\/11\/kritik-zu-weekend-mit-joerg-schuettauf\/","title":{"rendered":"Kritik zu &#8211; &#8222;Weekend mit J\u00f6rg Sch\u00fcttauf"},"content":{"rendered":"<p>Ex-live-Text<br \/>\n22.8.  GUT GEFALLEN : &#8211; Die Sendung (rbb) &#8211; Ein Weekend mit J\u00d6RG SCH\u00dcTTAUF 3.717.095.<br \/>heute: 600 &#8211; willkommen..!<\/p>\n<p>update 21 Uhr 09 &#8211; <\/p>\n<p>20 Uhr 39 &#8211; <\/p>\n<p>irgendwie war das ne prima Idee vom rbb, <br \/>ist es ne Reihe?<br \/>mu\u00df ja doch einfach mal gesagt werden!<\/p>\n<p>Nicht die \u00fcbliche Kniefall-Steife eines Moderators, <br \/>der dabei aber zugleich auch noch<br \/> unbedingt viel schlauer sein will und mu\u00df, <br \/>als der oder die &#8211; von ihm Interviewte &#8211; <\/p>\n<p>die ansonsten Moderatorin nicht nur von zibb (&#8222;Zuhause in Berlin und Brandenburg&#8220;),<br \/> geb\u00fcrtig aus Caputh,)<br \/>Madeleine Wehle, machte es nicht uncharmant, <br \/>ein klein wenig unsicher, <br \/>selbst ein klein wenig zu schick und sch\u00f6n, <br \/>aber dennoch verlor sich dieser Eindruck im Verlauf der Sendung&#8230;<br \/>und wie witzig, <br \/> zeitgleich (zur Ausstrahlung auf dem rbb, am Wochenende)<br \/>als Moderatorin.. live auf NDR3<br \/> &#8222;DIE LANGE NACHT DES SCHLAGERS&#8220; zu sehen.. &#8211; <\/p>\n<p>sch\u00f6ne Bildsprache der Kamera, <br \/>wie sie denn bei J\u00f6rg Sch\u00fcttauf in der K\u00fcche hockt, <br \/>die Madeleine, <br \/>im Hintergrund noch ein richtig alter K\u00fcchenherd, <br \/>den man mit Holz und Kohle heizt, <br \/> war mit ihm segeln,<br \/>auf der Jolle, <br \/>auf&#8217;m Schwielowsee,<br \/>denn dort am See wohnt der Sch\u00fcttauf &#8211; &#8222;Dann bietet es sich ja an, <br \/>sich auch ein Boot zuzulegen, <br \/>Ruderboot war nicht so mein Ding&#8220;..<\/p>\n<p>und &#8211;  und sogar tanzen,<br \/>f\u00fcr die Kamera, <br \/> in der Land-Sch\u00e4nke, <br \/> edlere Ausgabe &#8211; <\/p>\n<p>Denn &#8211; und das war ja der Hammer &#8211; <br \/>man erfuhr &#8211; eigentlich ist er ein leidenschaftlicher TANGO-T\u00e4nzer, der J\u00f6rg Sch\u00fcttauf, wer h\u00e4tte das gedacht&#8230;?<\/p>\n<p>Vermutet..?<br \/>Hinter dem ruppigen, wortkargen Ex-TATORT-Kommissar Dellwo aus Frankfurt, <br \/>der immer blickte,<br \/>als wisse er, <br \/>daheim ist eh wieder der K\u00fchlschrank leer, <br \/>und der jede Welt verbessern will, <br \/>zugleich Tieftrauer in den blauen Augen, <br \/>weil wissend, <br \/>dass er das nicht kann &#8230;.<\/p>\n<p>Das \u00dcberraschungsmoment des Films und zugleich das damit so BESONDERE, &#8211; <\/p>\n<p>in der Begegnung am Wochenende ..des rbb &#8211; <\/p>\n<p>sahen wir einen Sch\u00fcttauf, <br \/>der beinah zerbrechlich wirkt, <br \/> zart, hochsensibel, fast sch\u00fcchtern, <\/p>\n<p>vor allem bescheiden &#8211; <br \/>nicht unwitzig, <br \/>\u00e4u\u00dferst gewinnend dabei, <br \/>wenngleich v\u00f6llig unbeabsichtigt, vermutlich &#8211; <\/p>\n<p>und die Fotos aus seiner Theaterzeit, als er richtig jung war..<\/p>\n<p>wow&#8230;ein Mann f\u00fcr&#8217;s Poesie-Album, zum Schw\u00e4rmen. <\/p>\n<p>Das war gro\u00dfartig!!!<\/p>\n<p>J\u00f6rg Sch\u00fcttauf ist ein gro\u00dfer Schauspieler.<\/p>\n<p>Er brauchte mal eine ganz neue Filmrolle!<\/p>\n<p>Nicht immer den irgendwie &#8222;Outcast&#8220;&#8230;<\/p>\n<p>Dann k\u00f6nnte er noch viel viel mehr zeigen, <br \/>und uns richtig gl\u00fccklich machen.<\/p>\n<p><\/p>\n","protected":false},"excerpt":{"rendered":"<p>Ex-live-Text<br \/>\n22.8.  GUT GEFALLEN : &#8211; Die Sendung (rbb) &#8211; Ein Weekend mit J\u00d6RG SCH\u00dcTTAUF 3.717.095.<br \/>heute: 600 &#8211; willkommen..!<\/p>\n","protected":false},"author":2,"featured_media":0,"comment_status":"closed","ping_status":"closed","sticky":false,"template":"","format":"standard","meta":{"footnotes":""},"categories":[25],"tags":[],"class_list":["post-83229","post","type-post","status-publish","format-standard","hentry","category-piazza","entry"],"yoast_head":"<!-- This site is optimized with the Yoast SEO plugin v21.0 - https:\/\/yoast.com\/wordpress\/plugins\/seo\/ -->\n<title>Kritik zu - &quot;Weekend mit J\u00f6rg Sch\u00fcttauf - Feminissima<\/title>\n<meta name=\"robots\" content=\"index, follow, max-snippet:-1, max-image-preview:large, max-video-preview:-1\" \/>\n<link rel=\"canonical\" href=\"https:\/\/feminissima.de\/index.php\/2011\/09\/11\/kritik-zu-weekend-mit-joerg-schuettauf\/\" \/>\n<meta property=\"og:locale\" content=\"de_DE\" \/>\n<meta property=\"og:type\" content=\"article\" \/>\n<meta property=\"og:title\" content=\"Kritik zu - &quot;Weekend mit J\u00f6rg Sch\u00fcttauf - Feminissima\" \/>\n<meta property=\"og:description\" content=\"Ex-live-Text 22.8. GUT GEFALLEN : - Die Sendung (rbb) - Ein Weekend mit J\u00d6RG SCH\u00dcTTAUF 3.717.095.heute: 600 - willkommen..!\" \/>\n<meta property=\"og:url\" content=\"https:\/\/feminissima.de\/index.php\/2011\/09\/11\/kritik-zu-weekend-mit-joerg-schuettauf\/\" \/>\n<meta property=\"og:site_name\" content=\"Feminissima\" \/>\n<meta property=\"article:published_time\" content=\"2011-09-11T17:35:25+00:00\" \/>\n<meta name=\"author\" content=\"admin\" \/>\n<meta name=\"twitter:card\" content=\"summary_large_image\" \/>\n<meta name=\"twitter:label1\" content=\"Verfasst von\" \/>\n\t<meta name=\"twitter:data1\" content=\"admin\" \/>\n\t<meta name=\"twitter:label2\" content=\"Gesch\u00e4tzte Lesezeit\" \/>\n\t<meta name=\"twitter:data2\" content=\"2\u00a0Minuten\" \/>\n<script type=\"application\/ld+json\" class=\"yoast-schema-graph\">{\"@context\":\"https:\/\/schema.org\",\"@graph\":[{\"@type\":\"WebPage\",\"@id\":\"https:\/\/feminissima.de\/index.php\/2011\/09\/11\/kritik-zu-weekend-mit-joerg-schuettauf\/\",\"url\":\"https:\/\/feminissima.de\/index.php\/2011\/09\/11\/kritik-zu-weekend-mit-joerg-schuettauf\/\",\"name\":\"Kritik zu - \\\"Weekend mit J\u00f6rg Sch\u00fcttauf - Feminissima\",\"isPartOf\":{\"@id\":\"https:\/\/feminissima.de\/#website\"},\"datePublished\":\"2011-09-11T17:35:25+00:00\",\"dateModified\":\"2011-09-11T17:35:25+00:00\",\"author\":{\"@id\":\"https:\/\/feminissima.de\/#\/schema\/person\/0b901e053624f88e7ecbea289d9d5128\"},\"breadcrumb\":{\"@id\":\"https:\/\/feminissima.de\/index.php\/2011\/09\/11\/kritik-zu-weekend-mit-joerg-schuettauf\/#breadcrumb\"},\"inLanguage\":\"de\",\"potentialAction\":[{\"@type\":\"ReadAction\",\"target\":[\"https:\/\/feminissima.de\/index.php\/2011\/09\/11\/kritik-zu-weekend-mit-joerg-schuettauf\/\"]}]},{\"@type\":\"BreadcrumbList\",\"@id\":\"https:\/\/feminissima.de\/index.php\/2011\/09\/11\/kritik-zu-weekend-mit-joerg-schuettauf\/#breadcrumb\",\"itemListElement\":[{\"@type\":\"ListItem\",\"position\":1,\"name\":\"Startseite\",\"item\":\"https:\/\/feminissima.de\/\"},{\"@type\":\"ListItem\",\"position\":2,\"name\":\"Kritik zu &#8211; &#8222;Weekend mit J\u00f6rg Sch\u00fcttauf\"}]},{\"@type\":\"WebSite\",\"@id\":\"https:\/\/feminissima.de\/#website\",\"url\":\"https:\/\/feminissima.de\/\",\"name\":\"Feminissima\",\"description\":\"\",\"potentialAction\":[{\"@type\":\"SearchAction\",\"target\":{\"@type\":\"EntryPoint\",\"urlTemplate\":\"https:\/\/feminissima.de\/?s={search_term_string}\"},\"query-input\":\"required name=search_term_string\"}],\"inLanguage\":\"de\"},{\"@type\":\"Person\",\"@id\":\"https:\/\/feminissima.de\/#\/schema\/person\/0b901e053624f88e7ecbea289d9d5128\",\"name\":\"admin\",\"image\":{\"@type\":\"ImageObject\",\"inLanguage\":\"de\",\"@id\":\"https:\/\/feminissima.de\/#\/schema\/person\/image\/\",\"url\":\"https:\/\/secure.gravatar.com\/avatar\/8da1f51327453c0bf63338e8e2a791948b7d2ac19b68839492d1e69aac6924a8?s=96&d=mm&r=g\",\"contentUrl\":\"https:\/\/secure.gravatar.com\/avatar\/8da1f51327453c0bf63338e8e2a791948b7d2ac19b68839492d1e69aac6924a8?s=96&d=mm&r=g\",\"caption\":\"admin\"},\"url\":\"https:\/\/feminissima.de\/index.php\/author\/admin\/\"}]}<\/script>\n<!-- \/ Yoast SEO plugin. -->","yoast_head_json":{"title":"Kritik zu - \"Weekend mit J\u00f6rg Sch\u00fcttauf - Feminissima","robots":{"index":"index","follow":"follow","max-snippet":"max-snippet:-1","max-image-preview":"max-image-preview:large","max-video-preview":"max-video-preview:-1"},"canonical":"https:\/\/feminissima.de\/index.php\/2011\/09\/11\/kritik-zu-weekend-mit-joerg-schuettauf\/","og_locale":"de_DE","og_type":"article","og_title":"Kritik zu - \"Weekend mit J\u00f6rg Sch\u00fcttauf - Feminissima","og_description":"Ex-live-Text 22.8. GUT GEFALLEN : - Die Sendung (rbb) - Ein Weekend mit J\u00d6RG SCH\u00dcTTAUF 3.717.095.heute: 600 - willkommen..!","og_url":"https:\/\/feminissima.de\/index.php\/2011\/09\/11\/kritik-zu-weekend-mit-joerg-schuettauf\/","og_site_name":"Feminissima","article_published_time":"2011-09-11T17:35:25+00:00","author":"admin","twitter_card":"summary_large_image","twitter_misc":{"Verfasst von":"admin","Gesch\u00e4tzte Lesezeit":"2\u00a0Minuten"},"schema":{"@context":"https:\/\/schema.org","@graph":[{"@type":"WebPage","@id":"https:\/\/feminissima.de\/index.php\/2011\/09\/11\/kritik-zu-weekend-mit-joerg-schuettauf\/","url":"https:\/\/feminissima.de\/index.php\/2011\/09\/11\/kritik-zu-weekend-mit-joerg-schuettauf\/","name":"Kritik zu - \"Weekend mit J\u00f6rg Sch\u00fcttauf - Feminissima","isPartOf":{"@id":"https:\/\/feminissima.de\/#website"},"datePublished":"2011-09-11T17:35:25+00:00","dateModified":"2011-09-11T17:35:25+00:00","author":{"@id":"https:\/\/feminissima.de\/#\/schema\/person\/0b901e053624f88e7ecbea289d9d5128"},"breadcrumb":{"@id":"https:\/\/feminissima.de\/index.php\/2011\/09\/11\/kritik-zu-weekend-mit-joerg-schuettauf\/#breadcrumb"},"inLanguage":"de","potentialAction":[{"@type":"ReadAction","target":["https:\/\/feminissima.de\/index.php\/2011\/09\/11\/kritik-zu-weekend-mit-joerg-schuettauf\/"]}]},{"@type":"BreadcrumbList","@id":"https:\/\/feminissima.de\/index.php\/2011\/09\/11\/kritik-zu-weekend-mit-joerg-schuettauf\/#breadcrumb","itemListElement":[{"@type":"ListItem","position":1,"name":"Startseite","item":"https:\/\/feminissima.de\/"},{"@type":"ListItem","position":2,"name":"Kritik zu &#8211; &#8222;Weekend mit J\u00f6rg Sch\u00fcttauf"}]},{"@type":"WebSite","@id":"https:\/\/feminissima.de\/#website","url":"https:\/\/feminissima.de\/","name":"Feminissima","description":"","potentialAction":[{"@type":"SearchAction","target":{"@type":"EntryPoint","urlTemplate":"https:\/\/feminissima.de\/?s={search_term_string}"},"query-input":"required name=search_term_string"}],"inLanguage":"de"},{"@type":"Person","@id":"https:\/\/feminissima.de\/#\/schema\/person\/0b901e053624f88e7ecbea289d9d5128","name":"admin","image":{"@type":"ImageObject","inLanguage":"de","@id":"https:\/\/feminissima.de\/#\/schema\/person\/image\/","url":"https:\/\/secure.gravatar.com\/avatar\/8da1f51327453c0bf63338e8e2a791948b7d2ac19b68839492d1e69aac6924a8?s=96&d=mm&r=g","contentUrl":"https:\/\/secure.gravatar.com\/avatar\/8da1f51327453c0bf63338e8e2a791948b7d2ac19b68839492d1e69aac6924a8?s=96&d=mm&r=g","caption":"admin"},"url":"https:\/\/feminissima.de\/index.php\/author\/admin\/"}]}},"jetpack_featured_media_url":"","_links":{"self":[{"href":"https:\/\/feminissima.de\/index.php\/wp-json\/wp\/v2\/posts\/83229","targetHints":{"allow":["GET"]}}],"collection":[{"href":"https:\/\/feminissima.de\/index.php\/wp-json\/wp\/v2\/posts"}],"about":[{"href":"https:\/\/feminissima.de\/index.php\/wp-json\/wp\/v2\/types\/post"}],"author":[{"embeddable":true,"href":"https:\/\/feminissima.de\/index.php\/wp-json\/wp\/v2\/users\/2"}],"replies":[{"embeddable":true,"href":"https:\/\/feminissima.de\/index.php\/wp-json\/wp\/v2\/comments?post=83229"}],"version-history":[{"count":0,"href":"https:\/\/feminissima.de\/index.php\/wp-json\/wp\/v2\/posts\/83229\/revisions"}],"wp:attachment":[{"href":"https:\/\/feminissima.de\/index.php\/wp-json\/wp\/v2\/media?parent=83229"}],"wp:term":[{"taxonomy":"category","embeddable":true,"href":"https:\/\/feminissima.de\/index.php\/wp-json\/wp\/v2\/categories?post=83229"},{"taxonomy":"post_tag","embeddable":true,"href":"https:\/\/feminissima.de\/index.php\/wp-json\/wp\/v2\/tags?post=83229"}],"curies":[{"name":"wp","href":"https:\/\/api.w.org\/{rel}","templated":true}]}}