{"id":83223,"date":"2011-09-11T17:17:40","date_gmt":"2011-09-11T17:17:40","guid":{"rendered":"http:\/\/www.feminissima.de\/?p=83223"},"modified":"2011-09-11T17:17:40","modified_gmt":"2011-09-11T17:17:40","slug":"banalitaet-als-lebenszweck-die-albernen-jungen-schauspieler-in-berlin","status":"publish","type":"post","link":"https:\/\/feminissima.de\/index.php\/2011\/09\/11\/banalitaet-als-lebenszweck-die-albernen-jungen-schauspieler-in-berlin\/","title":{"rendered":"Banalit\u00e4t als Lebenszweck? Die albernen jungen Schauspieler in Berlin"},"content":{"rendered":"<p>Malizi\u00f6se Anmerkungen zum Kinostart von &#8222;M\u00e4nnerherzen 2&#8220; \/ex-live-Text vom 9.September<br \/>9.9. -Banalit\u00e4t als Lebenszweck..?? Die albernen jungen Schauspieler in Berlin update 17 Uhr &#8211; <\/p>\n<p>3.750.274.<br \/>heute: 1.037 &#8211; willkommen!<\/p>\n<p>\n15 Uhr 38<\/p>\n<p>Wahrscheinlich dreht es Senta Berger das Herz im Leibe um, <br \/>wenn sie mit anschauen mu\u00df, <br \/>mit welchen Seicht-Filmchen<br \/>ihr doch immerhin sehr gut <br \/>und sympathisch aussehender Sohn, <br \/>wie hei\u00dft er noch mit Vornamen..<br \/>nun mit &#8222;Mannerherzen 2&#8220; &#8211; oder wie die Gipfelung der ALBERN-Filme hei\u00dft, <br \/>die ja offenbar leider auch noch von der FFA gef\u00f6rdert werden, oder..??<\/p>\n<p>nun sein Brot mit Kaviar verdient. <\/p>\n<p>Da sind sie denn alle wieder dabei.<br \/>Die deutschen m\u00e4nnlichen Leer-Larven der Leinwand, <br \/>neben Til Schweiger und Co &#8211; <br \/>und setzen ihren ansatzweise &#8211; und <br \/>zwischenphasig mal vielleicht halbwegs guten Namen <br \/>auf Spiel &#8211; <\/p>\n<p>und dann &#8211; von PRO 7 &#8211; <br \/>da spielte so ein H\u00e4s-chen mit &#8211; <br \/>die eine merkw\u00fcrdige &#8222;Sendung&#8220; namens &#8222;RED&#8220; ..hinger\u00e4kelt &#8222;moderiert&#8220; &#8211; <\/p>\n<p>&#8222;Red&#8220; bitte nicht mit einer gleichnamigen hochwertigen Film-Kamera verwechseln &#8211; <\/p>\n<p>und da ..sie auch ein <br \/>R\u00f6llchen&#8230;plapper-plapper&#8230;.<br \/>in dem Gar-Nichts-Streifen eines Sohns ber\u00fchmter Eltern, <br \/>der nicht wirklich arbeitet, <br \/>sonst h\u00e4tte er ein richtiger Schauspieler werden k\u00f6nnen &#8211; <\/p>\n<p>ja, also &#8211; da l\u00fcmmeln sich denn diese kleinen Gernegro\u00df<br \/>die sich f\u00fchlen, wie Hollywood-Stars, <br \/>apparently <br \/>aber denen das Wesentlichste fehlt &#8211; :<br \/>HIRN! und damit Echter Sex Appeal!<br \/> auf den Couchen des abgefuckten, -wir-schlie\u00dfen-alle-aus-wer-will-noch-gesehen-werden- <br \/>reich und doof &#8211; :<br \/> &#8222;SO-HO&#8220;- Clubs &#8211; <br \/>in Berlin &#8211; <br \/>Nur f\u00fcr Mitglieder, <br \/>Jahres-Mitgliedsbeitrag sowieso f\u00fcnfstellig, <br \/>und da l\u00fcmmeln sie sich auf so einer vielleicht Designer-Couch herum <br \/>und sagen gekont GAR NICHTS. <\/p>\n<p>Ein anderer, den man kurzfristig mal ernstgenommen h\u00e4tte &#8211; <br \/>rennt in der Unterhose durchs Brandenburger Tor &#8211; <br \/>als Einl\u00f6sung einer Wette &#8211; <\/p>\n<p>dass sein ebenfalls GAR-NICHTS-FILM!! <br \/>an einem Wochenende dank dankbarer &#8211; nichtssagend-Flimmer-Kisten-Werbung  <br \/>tats\u00e4chlich 40.000 Leute in seinen &#8222;Film&#8220; gelockt h\u00e4tte, <br \/>es m\u00fc\u00dfte endlich ECHTE QUALIT\u00c4TS-RICHTLINIEN bei der FFA und Freunden geben &#8211; <\/p>\n<p>und nicht TRASH als Garantie &#8211; <br \/>die Filmf\u00f6rdergelder zu kassieren.<\/p>\n<p>Lauter Schrott<br \/> auf deutschen Kino-Leinw\u00e4nden <br \/>aus deutschen Verbl\u00f6dungs-Subventions-Landen.<\/p>\n","protected":false},"excerpt":{"rendered":"<p>Malizi\u00f6se Anmerkungen zum Kinostart von &#8222;M\u00e4nnerherzen 2&#8220; \/ex-live-Text vom 9.September<\/p>\n","protected":false},"author":2,"featured_media":0,"comment_status":"closed","ping_status":"closed","sticky":false,"template":"","format":"standard","meta":{"footnotes":""},"categories":[25],"tags":[],"class_list":["post-83223","post","type-post","status-publish","format-standard","hentry","category-piazza","entry"],"yoast_head":"<!-- This site is optimized with the Yoast SEO plugin v21.0 - https:\/\/yoast.com\/wordpress\/plugins\/seo\/ -->\n<title>Banalit\u00e4t als Lebenszweck? Die albernen jungen Schauspieler in Berlin - Feminissima<\/title>\n<meta name=\"robots\" content=\"index, follow, max-snippet:-1, max-image-preview:large, max-video-preview:-1\" \/>\n<link rel=\"canonical\" href=\"https:\/\/feminissima.de\/index.php\/2011\/09\/11\/banalitaet-als-lebenszweck-die-albernen-jungen-schauspieler-in-berlin\/\" \/>\n<meta property=\"og:locale\" content=\"de_DE\" \/>\n<meta property=\"og:type\" content=\"article\" \/>\n<meta property=\"og:title\" content=\"Banalit\u00e4t als Lebenszweck? Die albernen jungen Schauspieler in Berlin - Feminissima\" \/>\n<meta property=\"og:description\" content=\"Malizi\u00f6se Anmerkungen zum Kinostart von &quot;M\u00e4nnerherzen 2&quot; \/ex-live-Text vom 9.September\" \/>\n<meta property=\"og:url\" content=\"https:\/\/feminissima.de\/index.php\/2011\/09\/11\/banalitaet-als-lebenszweck-die-albernen-jungen-schauspieler-in-berlin\/\" \/>\n<meta property=\"og:site_name\" content=\"Feminissima\" \/>\n<meta property=\"article:published_time\" content=\"2011-09-11T17:17:40+00:00\" \/>\n<meta name=\"author\" content=\"admin\" \/>\n<meta name=\"twitter:card\" content=\"summary_large_image\" \/>\n<meta name=\"twitter:label1\" content=\"Verfasst von\" \/>\n\t<meta name=\"twitter:data1\" content=\"admin\" \/>\n\t<meta name=\"twitter:label2\" content=\"Gesch\u00e4tzte Lesezeit\" \/>\n\t<meta name=\"twitter:data2\" content=\"2\u00a0Minuten\" \/>\n<script type=\"application\/ld+json\" class=\"yoast-schema-graph\">{\"@context\":\"https:\/\/schema.org\",\"@graph\":[{\"@type\":\"WebPage\",\"@id\":\"https:\/\/feminissima.de\/index.php\/2011\/09\/11\/banalitaet-als-lebenszweck-die-albernen-jungen-schauspieler-in-berlin\/\",\"url\":\"https:\/\/feminissima.de\/index.php\/2011\/09\/11\/banalitaet-als-lebenszweck-die-albernen-jungen-schauspieler-in-berlin\/\",\"name\":\"Banalit\u00e4t als Lebenszweck? Die albernen jungen Schauspieler in Berlin - Feminissima\",\"isPartOf\":{\"@id\":\"https:\/\/feminissima.de\/#website\"},\"datePublished\":\"2011-09-11T17:17:40+00:00\",\"dateModified\":\"2011-09-11T17:17:40+00:00\",\"author\":{\"@id\":\"https:\/\/feminissima.de\/#\/schema\/person\/0b901e053624f88e7ecbea289d9d5128\"},\"breadcrumb\":{\"@id\":\"https:\/\/feminissima.de\/index.php\/2011\/09\/11\/banalitaet-als-lebenszweck-die-albernen-jungen-schauspieler-in-berlin\/#breadcrumb\"},\"inLanguage\":\"de\",\"potentialAction\":[{\"@type\":\"ReadAction\",\"target\":[\"https:\/\/feminissima.de\/index.php\/2011\/09\/11\/banalitaet-als-lebenszweck-die-albernen-jungen-schauspieler-in-berlin\/\"]}]},{\"@type\":\"BreadcrumbList\",\"@id\":\"https:\/\/feminissima.de\/index.php\/2011\/09\/11\/banalitaet-als-lebenszweck-die-albernen-jungen-schauspieler-in-berlin\/#breadcrumb\",\"itemListElement\":[{\"@type\":\"ListItem\",\"position\":1,\"name\":\"Startseite\",\"item\":\"https:\/\/feminissima.de\/\"},{\"@type\":\"ListItem\",\"position\":2,\"name\":\"Banalit\u00e4t als Lebenszweck? Die albernen jungen Schauspieler in Berlin\"}]},{\"@type\":\"WebSite\",\"@id\":\"https:\/\/feminissima.de\/#website\",\"url\":\"https:\/\/feminissima.de\/\",\"name\":\"Feminissima\",\"description\":\"\",\"potentialAction\":[{\"@type\":\"SearchAction\",\"target\":{\"@type\":\"EntryPoint\",\"urlTemplate\":\"https:\/\/feminissima.de\/?s={search_term_string}\"},\"query-input\":\"required name=search_term_string\"}],\"inLanguage\":\"de\"},{\"@type\":\"Person\",\"@id\":\"https:\/\/feminissima.de\/#\/schema\/person\/0b901e053624f88e7ecbea289d9d5128\",\"name\":\"admin\",\"image\":{\"@type\":\"ImageObject\",\"inLanguage\":\"de\",\"@id\":\"https:\/\/feminissima.de\/#\/schema\/person\/image\/\",\"url\":\"https:\/\/secure.gravatar.com\/avatar\/8da1f51327453c0bf63338e8e2a791948b7d2ac19b68839492d1e69aac6924a8?s=96&d=mm&r=g\",\"contentUrl\":\"https:\/\/secure.gravatar.com\/avatar\/8da1f51327453c0bf63338e8e2a791948b7d2ac19b68839492d1e69aac6924a8?s=96&d=mm&r=g\",\"caption\":\"admin\"},\"url\":\"https:\/\/feminissima.de\/index.php\/author\/admin\/\"}]}<\/script>\n<!-- \/ Yoast SEO plugin. -->","yoast_head_json":{"title":"Banalit\u00e4t als Lebenszweck? Die albernen jungen Schauspieler in Berlin - Feminissima","robots":{"index":"index","follow":"follow","max-snippet":"max-snippet:-1","max-image-preview":"max-image-preview:large","max-video-preview":"max-video-preview:-1"},"canonical":"https:\/\/feminissima.de\/index.php\/2011\/09\/11\/banalitaet-als-lebenszweck-die-albernen-jungen-schauspieler-in-berlin\/","og_locale":"de_DE","og_type":"article","og_title":"Banalit\u00e4t als Lebenszweck? Die albernen jungen Schauspieler in Berlin - Feminissima","og_description":"Malizi\u00f6se Anmerkungen zum Kinostart von \"M\u00e4nnerherzen 2\" \/ex-live-Text vom 9.September","og_url":"https:\/\/feminissima.de\/index.php\/2011\/09\/11\/banalitaet-als-lebenszweck-die-albernen-jungen-schauspieler-in-berlin\/","og_site_name":"Feminissima","article_published_time":"2011-09-11T17:17:40+00:00","author":"admin","twitter_card":"summary_large_image","twitter_misc":{"Verfasst von":"admin","Gesch\u00e4tzte Lesezeit":"2\u00a0Minuten"},"schema":{"@context":"https:\/\/schema.org","@graph":[{"@type":"WebPage","@id":"https:\/\/feminissima.de\/index.php\/2011\/09\/11\/banalitaet-als-lebenszweck-die-albernen-jungen-schauspieler-in-berlin\/","url":"https:\/\/feminissima.de\/index.php\/2011\/09\/11\/banalitaet-als-lebenszweck-die-albernen-jungen-schauspieler-in-berlin\/","name":"Banalit\u00e4t als Lebenszweck? Die albernen jungen Schauspieler in Berlin - Feminissima","isPartOf":{"@id":"https:\/\/feminissima.de\/#website"},"datePublished":"2011-09-11T17:17:40+00:00","dateModified":"2011-09-11T17:17:40+00:00","author":{"@id":"https:\/\/feminissima.de\/#\/schema\/person\/0b901e053624f88e7ecbea289d9d5128"},"breadcrumb":{"@id":"https:\/\/feminissima.de\/index.php\/2011\/09\/11\/banalitaet-als-lebenszweck-die-albernen-jungen-schauspieler-in-berlin\/#breadcrumb"},"inLanguage":"de","potentialAction":[{"@type":"ReadAction","target":["https:\/\/feminissima.de\/index.php\/2011\/09\/11\/banalitaet-als-lebenszweck-die-albernen-jungen-schauspieler-in-berlin\/"]}]},{"@type":"BreadcrumbList","@id":"https:\/\/feminissima.de\/index.php\/2011\/09\/11\/banalitaet-als-lebenszweck-die-albernen-jungen-schauspieler-in-berlin\/#breadcrumb","itemListElement":[{"@type":"ListItem","position":1,"name":"Startseite","item":"https:\/\/feminissima.de\/"},{"@type":"ListItem","position":2,"name":"Banalit\u00e4t als Lebenszweck? Die albernen jungen Schauspieler in Berlin"}]},{"@type":"WebSite","@id":"https:\/\/feminissima.de\/#website","url":"https:\/\/feminissima.de\/","name":"Feminissima","description":"","potentialAction":[{"@type":"SearchAction","target":{"@type":"EntryPoint","urlTemplate":"https:\/\/feminissima.de\/?s={search_term_string}"},"query-input":"required name=search_term_string"}],"inLanguage":"de"},{"@type":"Person","@id":"https:\/\/feminissima.de\/#\/schema\/person\/0b901e053624f88e7ecbea289d9d5128","name":"admin","image":{"@type":"ImageObject","inLanguage":"de","@id":"https:\/\/feminissima.de\/#\/schema\/person\/image\/","url":"https:\/\/secure.gravatar.com\/avatar\/8da1f51327453c0bf63338e8e2a791948b7d2ac19b68839492d1e69aac6924a8?s=96&d=mm&r=g","contentUrl":"https:\/\/secure.gravatar.com\/avatar\/8da1f51327453c0bf63338e8e2a791948b7d2ac19b68839492d1e69aac6924a8?s=96&d=mm&r=g","caption":"admin"},"url":"https:\/\/feminissima.de\/index.php\/author\/admin\/"}]}},"jetpack_featured_media_url":"","_links":{"self":[{"href":"https:\/\/feminissima.de\/index.php\/wp-json\/wp\/v2\/posts\/83223","targetHints":{"allow":["GET"]}}],"collection":[{"href":"https:\/\/feminissima.de\/index.php\/wp-json\/wp\/v2\/posts"}],"about":[{"href":"https:\/\/feminissima.de\/index.php\/wp-json\/wp\/v2\/types\/post"}],"author":[{"embeddable":true,"href":"https:\/\/feminissima.de\/index.php\/wp-json\/wp\/v2\/users\/2"}],"replies":[{"embeddable":true,"href":"https:\/\/feminissima.de\/index.php\/wp-json\/wp\/v2\/comments?post=83223"}],"version-history":[{"count":0,"href":"https:\/\/feminissima.de\/index.php\/wp-json\/wp\/v2\/posts\/83223\/revisions"}],"wp:attachment":[{"href":"https:\/\/feminissima.de\/index.php\/wp-json\/wp\/v2\/media?parent=83223"}],"wp:term":[{"taxonomy":"category","embeddable":true,"href":"https:\/\/feminissima.de\/index.php\/wp-json\/wp\/v2\/categories?post=83223"},{"taxonomy":"post_tag","embeddable":true,"href":"https:\/\/feminissima.de\/index.php\/wp-json\/wp\/v2\/tags?post=83223"}],"curies":[{"name":"wp","href":"https:\/\/api.w.org\/{rel}","templated":true}]}}